{"id":3809,"date":"2021-12-15T08:39:36","date_gmt":"2021-12-15T07:39:36","guid":{"rendered":"https:\/\/privredans.com\/?p=3809"},"modified":"2021-12-15T08:39:36","modified_gmt":"2021-12-15T07:39:36","slug":"grad-novi-sad-dao-najveci-doprinos-zaposljavanju","status":"publish","type":"post","link":"https:\/\/privredans.com\/?p=3809","title":{"rendered":"GRAD NOVI SAD DAO NAJVE\u0106I DOPRINOS ZAPO\u0160LJAVANJU"},"content":{"rendered":"<p>\u010clan Gradskog ve\u0107a za privredu Milorad Radojevi\u0107 prisustvovao je obele\u017eavanju 100 godina postojanja i razvoja Nacionalne slu\u017ebe za zapo\u0161ljavanje. Po\u010detkom delovanja javne slu\u017ebe zapo\u0161ljavanja u Srbiji smatra se 14. decembar 1921. godine, kada je objavljen jedan od prvih propisa kojima se reguli\u0161e oblast zapo\u0161ljavanja \u2013 \u201eZakon o za\u0161titi radenika\u201c.<\/p>\n<p>Tom prilikom dodeljena su priznanja i zahvalnice poslodavcima i lokalnim samoupravama koji su dali najve\u0107i doprinos u oblasti politike zapo\u0161ljavanja u 2021. godini. Komisija Nacionalne slu\u017ebe za zapo\u0161ljavanje za dodelu priznanja i zahvalnica za ostvarene rezultate u promovisanju politike zapo\u0161ljavanja i za ostvarene rezultate u zapo\u0161ljavanju odlu\u010dila je da Gradu Novom Sadu bude dodeljena zahvalnica u kategoriji \u201eLokalne samouprave koje su dale najve\u0107i doprinos zapo\u0161ljavanj\u201c, uzimaju\u0107i u obzir usvojen Lokalni akcioni plan zapo\u0161ljavanja, visinu sredstava opredeljenih za zapo\u0161ljavanje iz bud\u017eeta lokalne samouprave za 2021. godinu, broj u\u010desnika u merama na osnovu izdvojenih sredstava i stepen razvijenosti op\u0161tine.<\/p>\n<p>U ime Grada Novog Sada prisutnima se obratio Milorad Radojevi\u0107 koji je izjavio da je zahvalnica potvrda i priznanje za sve ono \u0161to Grad radi u oblasti aktivne politike zapo\u0161ljavanja.<\/p>\n<p>&#8211; Od 2012. godine do danas Grad je izdvojio milijardu i dvesta pedeset pet miliona dinara za programe zapo\u0161ljavanja, a svake godine je ovim programima obuhva\u0107eno oko 700 lica sa evidencije Nacionalne slu\u017ebe za zapo\u0161ljavanje. Ono \u0161to je najva\u017enije, \u0161to pokazuje da te mere imaju efekta, jeste \u010dinjenica da se preko 85 odsto lica koja su bila obuhva\u0107ena ovim merama i nakon nekoliko godina, nisu vra\u0107ala na evidenciju Nacionalne slu\u017ebe za zapo\u0161ljavanje \u2013 rekao je Radojevi\u0107.<\/p>\n[kadence_gallery id=&#8221;3810&#8243;]\n","protected":false},"excerpt":{"rendered":"<p>\u010clan Gradskog ve\u0107a za privredu Milorad Radojevi\u0107 prisustvovao je obele\u017eavanju 100 godina postojanja i razvoja Nacionalne slu\u017ebe za zapo\u0161ljavanje. Po\u010detkom delovanja javne slu\u017ebe zapo\u0161ljavanja u Srbiji smatra se 14. decembar 1921. godine, kada je objavljen jedan od prvih propisa kojima se reguli\u0161e oblast zapo\u0161ljavanja \u2013 \u201eZakon o za\u0161titi radenika\u201c. Tom prilikom dodeljena su priznanja i [&hellip;]<\/p>\n","protected":false},"author":1,"featured_media":3811,"comment_status":"closed","ping_status":"open","sticky":false,"template":"","format":"standard","meta":{"footnotes":""},"categories":[80],"tags":[],"class_list":["post-3809","post","type-post","status-publish","format-standard","has-post-thumbnail","hentry","category-vesti"],"_links":{"self":[{"href":"https:\/\/privredans.com\/index.php?rest_route=\/wp\/v2\/posts\/3809","targetHints":{"allow":["GET"]}}],"collection":[{"href":"https:\/\/privredans.com\/index.php?rest_route=\/wp\/v2\/posts"}],"about":[{"href":"https:\/\/privredans.com\/index.php?rest_route=\/wp\/v2\/types\/post"}],"author":[{"embeddable":true,"href":"https:\/\/privredans.com\/index.php?rest_route=\/wp\/v2\/users\/1"}],"replies":[{"embeddable":true,"href":"https:\/\/privredans.com\/index.php?rest_route=%2Fwp%2Fv2%2Fcomments&post=3809"}],"version-history":[{"count":0,"href":"https:\/\/privredans.com\/index.php?rest_route=\/wp\/v2\/posts\/3809\/revisions"}],"wp:featuredmedia":[{"embeddable":true,"href":"https:\/\/privredans.com\/index.php?rest_route=\/"}],"wp:attachment":[{"href":"https:\/\/privredans.com\/index.php?rest_route=%2Fwp%2Fv2%2Fmedia&parent=3809"}],"wp:term":[{"taxonomy":"category","embeddable":true,"href":"https:\/\/privredans.com\/index.php?rest_route=%2Fwp%2Fv2%2Fcategories&post=3809"},{"taxonomy":"post_tag","embeddable":true,"href":"https:\/\/privredans.com\/index.php?rest_route=%2Fwp%2Fv2%2Ftags&post=3809"}],"curies":[{"name":"wp","href":"https:\/\/api.w.org\/{rel}","templated":true}]}}